{"id":667,"date":"2026-09-05T08:42:00","date_gmt":"2026-09-05T06:42:00","guid":{"rendered":"https:\/\/www.bleketsfritidsforening.se\/?p=667"},"modified":"2026-09-05T14:46:08","modified_gmt":"2026-09-05T12:46:08","slug":"hoststadning-lordag-27-september","status":"publish","type":"post","link":"https:\/\/www.bleketsfritidsforening.se\/?p=667","title":{"rendered":"H\u00f6stst\u00e4dning l\u00f6rdag 19 september"},"content":{"rendered":"\n<p><strong>H\u00f6stst\u00e4dning 19\/9 samling v\u00e4ndplan kl 10.00<\/strong><\/p>\n\n\n\n<p>P\u00e5 l\u00f6rdag den 19 september st\u00e4nger vi sommars\u00e4songen 2025 och firar h\u00f6stens ankomst genom en gemensam h\u00f6stst\u00e4dning av sj\u00f6boden, bastun, badplatsen. Samling kl. 10.00 vid v\u00e4ndplanen. Vi h\u00e5ller p\u00e5 till senast 14 och tar gemensam fika.<\/p>\n\n\n\n<p>Mer info om dagen kommer! <\/p>\n","protected":false},"excerpt":{"rendered":"<p>H\u00f6stst\u00e4dning 19\/9 samling v\u00e4ndplan kl 10.00 P\u00e5 l\u00f6rdag den 19 september st\u00e4nger vi sommars\u00e4songen 2025 och firar h\u00f6stens ankomst genom&hellip;<\/p>\n","protected":false},"author":2,"featured_media":0,"comment_status":"closed","ping_status":"open","sticky":false,"template":"","format":"standard","meta":{"footnotes":""},"categories":[3],"tags":[],"class_list":["post-667","post","type-post","status-publish","format-standard","hentry","category-familj"],"_links":{"self":[{"href":"https:\/\/www.bleketsfritidsforening.se\/index.php?rest_route=\/wp\/v2\/posts\/667","targetHints":{"allow":["GET"]}}],"collection":[{"href":"https:\/\/www.bleketsfritidsforening.se\/index.php?rest_route=\/wp\/v2\/posts"}],"about":[{"href":"https:\/\/www.bleketsfritidsforening.se\/index.php?rest_route=\/wp\/v2\/types\/post"}],"author":[{"embeddable":true,"href":"https:\/\/www.bleketsfritidsforening.se\/index.php?rest_route=\/wp\/v2\/users\/2"}],"replies":[{"embeddable":true,"href":"https:\/\/www.bleketsfritidsforening.se\/index.php?rest_route=%2Fwp%2Fv2%2Fcomments&post=667"}],"version-history":[{"count":2,"href":"https:\/\/www.bleketsfritidsforening.se\/index.php?rest_route=\/wp\/v2\/posts\/667\/revisions"}],"predecessor-version":[{"id":818,"href":"https:\/\/www.bleketsfritidsforening.se\/index.php?rest_route=\/wp\/v2\/posts\/667\/revisions\/818"}],"wp:attachment":[{"href":"https:\/\/www.bleketsfritidsforening.se\/index.php?rest_route=%2Fwp%2Fv2%2Fmedia&parent=667"}],"wp:term":[{"taxonomy":"category","embeddable":true,"href":"https:\/\/www.bleketsfritidsforening.se\/index.php?rest_route=%2Fwp%2Fv2%2Fcategories&post=667"},{"taxonomy":"post_tag","embeddable":true,"href":"https:\/\/www.bleketsfritidsforening.se\/index.php?rest_route=%2Fwp%2Fv2%2Ftags&post=667"}],"curies":[{"name":"wp","href":"https:\/\/api.w.org\/{rel}","templated":true}]}}